{"id":1733,"date":"2018-12-20T16:37:39","date_gmt":"2018-12-20T15:37:39","guid":{"rendered":"http:\/\/www.maurobarbolinifotografo.it\/fotografo\/?p=1733"},"modified":"2023-03-10T13:35:18","modified_gmt":"2023-03-10T12:35:18","slug":"libro-fotografico-il-bosco","status":"publish","type":"post","link":"https:\/\/www.maurobarbolinifotografo.it\/fotografo\/libro-fotografico-il-bosco\/","title":{"rendered":"Libro fotografico &#8220;IL BOSCO&#8221;"},"content":{"rendered":"<p>Che cos&#8217;\u00e8 &#8220;IL BOSCO&#8221; di Mauro Barbolini?<\/p>\n<p>\u00c8 un libro fotografico, ma non solo.<br \/>\n\u00c8 una dichiarazione d&#8217;amore alla vita, alla natura e al nostro Appennino.<br \/>\n\u00c8 una ra<span class=\"text_exposed_show\">ccolta di brevi pensieri e di appunti che sono stralci di poesia.<br \/>\n\u00c8 un&#8217;opera intima. Onirica. Un viaggio nella bellezza e nella magia.<\/span><\/p>\n<div class=\"text_exposed_show\">\n<p>Mauro mi ha concesso l&#8217;opportunit\u00e0 di metterci una cosa mia: una breve prefazione. Un piccolo contributo di cui si poteva fare anche a meno, ma che spero possa rivelarsi un piacevole invito ad addentrarsi fra queste incantevoli pagine.<\/p>\n<p>Emanuel Gavioli<\/p>\n<p>info: maurobarbolini@libero.it<\/p>\n<p><a href=\"http:\/\/www.maurobarbolinifotografo.it\/fotografo\/wp-content\/uploads\/2018\/12\/POBBLICITA-LIBRO.jpg\"><img loading=\"lazy\" decoding=\"async\" width=\"300\" height=\"200\" class=\"alignnone size-medium wp-image-1725\" src=\"http:\/\/www.maurobarbolinifotografo.it\/fotografo\/wp-content\/uploads\/2018\/12\/POBBLICITA-LIBRO-300x200.jpg\" alt=\"POBBLICITA LIBRO\" srcset=\"https:\/\/www.maurobarbolinifotografo.it\/fotografo\/wp-content\/uploads\/2018\/12\/POBBLICITA-LIBRO-300x200.jpg 300w, https:\/\/www.maurobarbolinifotografo.it\/fotografo\/wp-content\/uploads\/2018\/12\/POBBLICITA-LIBRO-scaled-500x333.jpg 500w, https:\/\/www.maurobarbolinifotografo.it\/fotografo\/wp-content\/uploads\/2018\/12\/POBBLICITA-LIBRO-1024x683.jpg 1024w, https:\/\/www.maurobarbolinifotografo.it\/fotografo\/wp-content\/uploads\/2018\/12\/POBBLICITA-LIBRO-800x533.jpg 800w, https:\/\/www.maurobarbolinifotografo.it\/fotografo\/wp-content\/uploads\/2018\/12\/POBBLICITA-LIBRO-900x600.jpg 900w\" sizes=\"auto, (max-width: 300px) 100vw, 300px\" \/><\/a><\/p>\n<\/div>\n","protected":false},"excerpt":{"rendered":"<p>Che cos&#8217;\u00e8 &#8220;IL BOSCO&#8221; di Mauro Barbolini? \u00c8 un libro fotografico, ma non solo. \u00c8 una dichiarazione d&#8217;amore alla vita, alla natura e al nostro Appennino. \u00c8 una raccolta di brevi pensieri e di appunti che sono stralci di poesia. \u00c8 un&#8217;opera intima. Onirica. Un viaggio nella bellezza e nella magia. Mauro mi ha concesso [&hellip;]<\/p>\n","protected":false},"author":1,"featured_media":2109,"comment_status":"open","ping_status":"open","sticky":false,"template":"","format":"standard","meta":{"_jetpack_memberships_contains_paid_content":false,"footnotes":"","jetpack_publicize_message":"","jetpack_publicize_feature_enabled":true,"jetpack_social_post_already_shared":false,"jetpack_social_options":{"image_generator_settings":{"template":"highway","enabled":false},"version":2}},"categories":[82],"tags":[88,84,83,76,87,86,89,77,85],"class_list":["post-1733","post","type-post","status-publish","format-standard","has-post-thumbnail","hentry","category-pubblicazioni","tag-alberi","tag-arte","tag-bosco","tag-fotografia","tag-fotografico","tag-libro","tag-montagna","tag-natura","tag-pensiero"],"jetpack_publicize_connections":[],"jetpack_featured_media_url":"https:\/\/www.maurobarbolinifotografo.it\/fotografo\/wp-content\/uploads\/2019\/05\/Libro-aperto.jpg","jetpack_sharing_enabled":true,"_links":{"self":[{"href":"https:\/\/www.maurobarbolinifotografo.it\/fotografo\/wp-json\/wp\/v2\/posts\/1733","targetHints":{"allow":["GET"]}}],"collection":[{"href":"https:\/\/www.maurobarbolinifotografo.it\/fotografo\/wp-json\/wp\/v2\/posts"}],"about":[{"href":"https:\/\/www.maurobarbolinifotografo.it\/fotografo\/wp-json\/wp\/v2\/types\/post"}],"author":[{"embeddable":true,"href":"https:\/\/www.maurobarbolinifotografo.it\/fotografo\/wp-json\/wp\/v2\/users\/1"}],"replies":[{"embeddable":true,"href":"https:\/\/www.maurobarbolinifotografo.it\/fotografo\/wp-json\/wp\/v2\/comments?post=1733"}],"version-history":[{"count":4,"href":"https:\/\/www.maurobarbolinifotografo.it\/fotografo\/wp-json\/wp\/v2\/posts\/1733\/revisions"}],"predecessor-version":[{"id":2263,"href":"https:\/\/www.maurobarbolinifotografo.it\/fotografo\/wp-json\/wp\/v2\/posts\/1733\/revisions\/2263"}],"wp:featuredmedia":[{"embeddable":true,"href":"https:\/\/www.maurobarbolinifotografo.it\/fotografo\/wp-json\/wp\/v2\/media\/2109"}],"wp:attachment":[{"href":"https:\/\/www.maurobarbolinifotografo.it\/fotografo\/wp-json\/wp\/v2\/media?parent=1733"}],"wp:term":[{"taxonomy":"category","embeddable":true,"href":"https:\/\/www.maurobarbolinifotografo.it\/fotografo\/wp-json\/wp\/v2\/categories?post=1733"},{"taxonomy":"post_tag","embeddable":true,"href":"https:\/\/www.maurobarbolinifotografo.it\/fotografo\/wp-json\/wp\/v2\/tags?post=1733"}],"curies":[{"name":"wp","href":"https:\/\/api.w.org\/{rel}","templated":true}]}}